{"id":749,"date":"2019-04-25T09:42:14","date_gmt":"2019-04-25T11:42:14","guid":{"rendered":"http:\/\/sieniatlas.fi\/?p=749"},"modified":"2020-08-05T11:43:54","modified_gmt":"2020-08-05T13:43:54","slug":"etsintakuulutus-kukkamaljakas","status":"publish","type":"post","link":"https:\/\/sieniatlas.fi\/index.php\/etsintakuulutus-kukkamaljakas\/","title":{"rendered":"Etsint\u00e4kuulutus &#8211; kukkamaljakas"},"content":{"rendered":"<p>Etsint\u00e4kuulutamme kev\u00e4isin esiintyv\u00e4n kukkamaljakkaan (<em>Microstoma protractum<\/em>). Ilmoita havaintosi, niin autat t\u00e4m\u00e4n lajin levinneisyyden selvitt\u00e4misess\u00e4!<\/p>\n<p>Ota kukkamaljakkaasta valokuva kasvupaikalla ja liit\u00e4 kuva <a href=\"https:\/\/laji.fi\/vihko\">sieniatlas-havaintolomakkeelle<\/a>, jotta asiantuntijat voivat varmistua havainnosta. Voit j\u00e4tt\u00e4\u00e4 sienen kasvamaan paikallensa.<\/p>\n<p>KUKKAMALJAKKAAN TUNTOMERKIT:<\/p>\n<p>Kukkamaljakas on pieni ja punainen, maljamainen, jalallinen kotelosieni. Tyypillisesti se kasvaa ryhmin\u00e4. Aluksi iti\u00f6em\u00e4 on l\u00e4hes pallomainen ja aivan pieni, halkaisijaltaan joitain millimetrej\u00e4, k\u00e4rjess\u00e4 on pieni reik\u00e4. \u00a0Kypsyess\u00e4\u00e4n pallomainen yl\u00e4osa avautuu ensin ruukkumaiseksi ja lopulta maljamaiseksi, jolloin maljan leveys on 1-2 cm. Maljan reunat ovat ep\u00e4tasaiset: hieman hampaiset tai piparkakkumaiset. Maljan sis\u00e4pinta on loistavan oranssi, reunoiltaan hieman vaaleampi. Ulkopinnalla ja reunoilla voi olla valkoista nukkaa. Jalka on vaalea, pinnaltaan valkojauheinen, yleens\u00e4 muutaman sentin mittainen ja leveydelt\u00e4\u00e4n 3-5 mm.<\/p>\n<p>Muuta: Iti\u00f6em\u00e4t ilmestyv\u00e4t kev\u00e4\u00e4ll\u00e4 lumien sulettua. Etel\u00e4- ja Keski-Suomessa kukkamaljakkaan voi l\u00f6yt\u00e4\u00e4 maalis-toukokuussa, pohjoisessa se kasvaa viel\u00e4 kes\u00e4kuussakin. Pienen kokonsa vuoksi kukkamaljakas j\u00e4\u00e4 helposti huomaamatta. Hieman samann\u00e4k\u00f6inen kev\u00e4tsieni on punamaljakas (<em>Sarcoscypha austriaca<\/em>). Se on kuitenkin isompikokoinen ja maljan reuna on melko sile\u00e4, ei hampainen.<\/p>\n<p>Ekologia: Kukkamaljakas kasvaa metsiss\u00e4 ja mets\u00e4reunoissa, mutta my\u00f6s ihmisvaikutteisilla paikoilla kuten pihoilla ja puistoissa, yleens\u00e4 lehti- ja sekapuustoisella alueella ja lehtikarikkeen alla. Laji on meill\u00e4 luokiteltu elinvoimaiseksi (LC).<\/p>\n<p>Teksti: Kaisa Tervonen ja Mika Toivonen<\/p>\n<p>Kuva: Tapio Kekki<\/p>\n<p>&nbsp;<\/p>\n<p>Kirjallisuus:<\/p>\n<p>Salo P., Niemel\u00e4 T. &amp; Salo U. 2006. Suomen sieniopas. WSOY &amp; Kasvimuseo, Porvoo, 512 s.<\/p>\n<p>Sepon Sieniopas: Kev\u00e4\u00e4n ja alkukes\u00e4n sieni\u00e4 <a href=\"http:\/\/www.velutipes.com\/seponsieniopas\/microstoma_protractum_sso.htm\">http:\/\/www.velutipes.com\/seponsieniopas\/microstoma_protractum_sso.htm<\/a><\/p>\n<p>&nbsp;<\/p>\n","protected":false},"excerpt":{"rendered":"<p>Etsint\u00e4kuulutamme kev\u00e4isin esiintyv\u00e4n kukkamaljakkaan (Microstoma protractum). Ilmoita havaintosi, niin autat t\u00e4m\u00e4n lajin levinneisyyden selvitt\u00e4misess\u00e4! Ota kukkamaljakkaasta valokuva kasvupaikalla ja liit\u00e4 <span class=\"more-text\">&hellip;<\/span><\/p>\n","protected":false},"author":2,"featured_media":759,"comment_status":"closed","ping_status":"open","sticky":false,"template":"","format":"standard","meta":[],"categories":[1],"tags":[],"_links":{"self":[{"href":"https:\/\/sieniatlas.fi\/index.php\/wp-json\/wp\/v2\/posts\/749"}],"collection":[{"href":"https:\/\/sieniatlas.fi\/index.php\/wp-json\/wp\/v2\/posts"}],"about":[{"href":"https:\/\/sieniatlas.fi\/index.php\/wp-json\/wp\/v2\/types\/post"}],"author":[{"embeddable":true,"href":"https:\/\/sieniatlas.fi\/index.php\/wp-json\/wp\/v2\/users\/2"}],"replies":[{"embeddable":true,"href":"https:\/\/sieniatlas.fi\/index.php\/wp-json\/wp\/v2\/comments?post=749"}],"version-history":[{"count":3,"href":"https:\/\/sieniatlas.fi\/index.php\/wp-json\/wp\/v2\/posts\/749\/revisions"}],"predecessor-version":[{"id":753,"href":"https:\/\/sieniatlas.fi\/index.php\/wp-json\/wp\/v2\/posts\/749\/revisions\/753"}],"wp:featuredmedia":[{"embeddable":true,"href":"https:\/\/sieniatlas.fi\/index.php\/wp-json\/wp\/v2\/media\/759"}],"wp:attachment":[{"href":"https:\/\/sieniatlas.fi\/index.php\/wp-json\/wp\/v2\/media?parent=749"}],"wp:term":[{"taxonomy":"category","embeddable":true,"href":"https:\/\/sieniatlas.fi\/index.php\/wp-json\/wp\/v2\/categories?post=749"},{"taxonomy":"post_tag","embeddable":true,"href":"https:\/\/sieniatlas.fi\/index.php\/wp-json\/wp\/v2\/tags?post=749"}],"curies":[{"name":"wp","href":"https:\/\/api.w.org\/{rel}","templated":true}]}}